{"id":14181,"date":"2025-01-16T10:12:47","date_gmt":"2025-01-16T15:12:47","guid":{"rendered":"https:\/\/www.nfsb.qc.ca\/?p=14181"},"modified":"2025-01-16T11:04:03","modified_gmt":"2025-01-16T16:04:03","slug":"programme-specialise-trouble-du-spectrum-de-lautisme","status":"publish","type":"post","link":"https:\/\/www.nfsb.qc.ca\/fr\/programme-specialise-trouble-du-spectrum-de-lautisme\/","title":{"rendered":"Programme Sp\u00e9cialis\u00e9 Trouble Du Spectrum De L'Autisme"},"content":{"rendered":"<p>Offre des ateliers de socialisation, des programmes sp\u00e9cialis\u00e9s pour les d\u00e9ficiences intellectuelles, les troubles du spectre autistique, l'int\u00e9gration scolaire et communautaire, l'int\u00e9gration sur le lieu de travail, les troubles du comportement\/troubles graves du comportement, ainsi que des programmes de logements supervis\u00e9s progressifs.<br \/>\nT\u00e9l\u00e9phone : 450-698-0600<br \/>\nJulie Pepin, coordinatrice du programme, poste 4111<br \/>\nNathalie Proulx, \u00e9ducatrice sp\u00e9cialis\u00e9e poste 22233<br \/>\n1200, rue Ford, Chateauguay, Qu\u00e9bec, J6J 4Z2<br \/>\nSite web : www.santemonteregie.qc.ca<\/p>","protected":false},"excerpt":{"rendered":"<p>Offers socialization workshops, specialized programs for intellectual disabilities, autism spectrum disorders, school and community integration, workplace integration, behavioural disorders\/severe behaviour disorders, as well as graduated supportive housing programs. Telephone: 450-698-0600 [&hellip;]<\/p>\n","protected":false},"author":1,"featured_media":0,"comment_status":"closed","ping_status":"closed","sticky":false,"template":"","format":"standard","meta":{"footnotes":""},"categories":[121,123,122,116,129,118],"tags":[],"class_list":["post-14181","post","type-post","status-publish","format-standard","hentry","category-age-0-5","category-age-18","category-age-6-17","category-autism","category-chateauguay-area","category-intellectual-disabilities"],"yoast_head":"<!-- This site is optimized with the Yoast SEO plugin v27.5 - https:\/\/yoast.com\/product\/yoast-seo-wordpress\/ -->\n<title>Programme Sp\u00e9cialis\u00e9 Trouble Du Spectrum De L\u2019Autisme - New Frontiers School Board<\/title>\n<meta name=\"robots\" content=\"index, follow, max-snippet:-1, max-image-preview:large, max-video-preview:-1\" \/>\n<link rel=\"canonical\" href=\"https:\/\/www.nfsb.qc.ca\/fr\/programme-specialise-trouble-du-spectrum-de-lautisme\/\" \/>\n<meta property=\"og:locale\" content=\"fr_CA\" \/>\n<meta property=\"og:type\" content=\"article\" \/>\n<meta property=\"og:title\" content=\"Programme Sp\u00e9cialis\u00e9 Trouble Du Spectrum De L\u2019Autisme - New Frontiers School Board\" \/>\n<meta property=\"og:description\" content=\"Offers socialization workshops, specialized programs for intellectual disabilities, autism spectrum disorders, school and community integration, workplace integration, behavioural disorders\/severe behaviour disorders, as well as graduated supportive housing programs. Telephone: 450-698-0600 [&hellip;]\" \/>\n<meta property=\"og:url\" content=\"https:\/\/www.nfsb.qc.ca\/fr\/programme-specialise-trouble-du-spectrum-de-lautisme\/\" \/>\n<meta property=\"og:site_name\" content=\"New Frontiers School Board\" \/>\n<meta property=\"article:publisher\" content=\"https:\/\/www.facebook.com\/NFSchoolBoard\" \/>\n<meta property=\"article:published_time\" content=\"2025-01-16T15:12:47+00:00\" \/>\n<meta property=\"article:modified_time\" content=\"2025-01-16T16:04:03+00:00\" \/>\n<meta name=\"author\" content=\"martinc\" \/>\n<meta name=\"twitter:card\" content=\"summary_large_image\" \/>\n<meta name=\"twitter:label1\" content=\"\u00c9crit par\" \/>\n\t<meta name=\"twitter:data1\" content=\"martinc\" \/>\n<script type=\"application\/ld+json\" class=\"yoast-schema-graph\">{\"@context\":\"https:\\\/\\\/schema.org\",\"@graph\":[{\"@type\":\"Article\",\"@id\":\"https:\\\/\\\/www.nfsb.qc.ca\\\/programme-specialise-trouble-du-spectrum-de-lautisme\\\/#article\",\"isPartOf\":{\"@id\":\"https:\\\/\\\/www.nfsb.qc.ca\\\/programme-specialise-trouble-du-spectrum-de-lautisme\\\/\"},\"author\":{\"name\":\"martinc\",\"@id\":\"https:\\\/\\\/www.nfsb.qc.ca\\\/#\\\/schema\\\/person\\\/65b733e859221ab5acaee1547a25785a\"},\"headline\":\"Programme Sp\u00e9cialis\u00e9 Trouble Du Spectrum De L\u2019Autisme\",\"datePublished\":\"2025-01-16T15:12:47+00:00\",\"dateModified\":\"2025-01-16T16:04:03+00:00\",\"mainEntityOfPage\":{\"@id\":\"https:\\\/\\\/www.nfsb.qc.ca\\\/programme-specialise-trouble-du-spectrum-de-lautisme\\\/\"},\"wordCount\":63,\"publisher\":{\"@id\":\"https:\\\/\\\/www.nfsb.qc.ca\\\/#organization\"},\"articleSection\":[\"Age 0-5\",\"Age 18+\",\"Age 6-17\",\"Autism\",\"Chateauguay Area\",\"Intellectual disabilities\"],\"inLanguage\":\"fr-CA\"},{\"@type\":\"WebPage\",\"@id\":\"https:\\\/\\\/www.nfsb.qc.ca\\\/programme-specialise-trouble-du-spectrum-de-lautisme\\\/\",\"url\":\"https:\\\/\\\/www.nfsb.qc.ca\\\/programme-specialise-trouble-du-spectrum-de-lautisme\\\/\",\"name\":\"Programme Sp\u00e9cialis\u00e9 Trouble Du Spectrum De L\u2019Autisme - New Frontiers School Board\",\"isPartOf\":{\"@id\":\"https:\\\/\\\/www.nfsb.qc.ca\\\/#website\"},\"datePublished\":\"2025-01-16T15:12:47+00:00\",\"dateModified\":\"2025-01-16T16:04:03+00:00\",\"breadcrumb\":{\"@id\":\"https:\\\/\\\/www.nfsb.qc.ca\\\/programme-specialise-trouble-du-spectrum-de-lautisme\\\/#breadcrumb\"},\"inLanguage\":\"fr-CA\",\"potentialAction\":[{\"@type\":\"ReadAction\",\"target\":[\"https:\\\/\\\/www.nfsb.qc.ca\\\/programme-specialise-trouble-du-spectrum-de-lautisme\\\/\"]}]},{\"@type\":\"BreadcrumbList\",\"@id\":\"https:\\\/\\\/www.nfsb.qc.ca\\\/programme-specialise-trouble-du-spectrum-de-lautisme\\\/#breadcrumb\",\"itemListElement\":[{\"@type\":\"ListItem\",\"position\":1,\"name\":\"Home\",\"item\":\"https:\\\/\\\/www.nfsb.qc.ca\\\/\"},{\"@type\":\"ListItem\",\"position\":2,\"name\":\"Programme Sp\u00e9cialis\u00e9 Trouble Du Spectrum De L\u2019Autisme\"}]},{\"@type\":\"WebSite\",\"@id\":\"https:\\\/\\\/www.nfsb.qc.ca\\\/#website\",\"url\":\"https:\\\/\\\/www.nfsb.qc.ca\\\/\",\"name\":\"New Frontiers School Board\",\"description\":\"Education, a lifelong journey.\",\"publisher\":{\"@id\":\"https:\\\/\\\/www.nfsb.qc.ca\\\/#organization\"},\"potentialAction\":[{\"@type\":\"SearchAction\",\"target\":{\"@type\":\"EntryPoint\",\"urlTemplate\":\"https:\\\/\\\/www.nfsb.qc.ca\\\/?s={search_term_string}\"},\"query-input\":{\"@type\":\"PropertyValueSpecification\",\"valueRequired\":true,\"valueName\":\"search_term_string\"}}],\"inLanguage\":\"fr-CA\"},{\"@type\":\"Organization\",\"@id\":\"https:\\\/\\\/www.nfsb.qc.ca\\\/#organization\",\"name\":\"New Frontiers School Board\",\"url\":\"https:\\\/\\\/www.nfsb.qc.ca\\\/\",\"logo\":{\"@type\":\"ImageObject\",\"inLanguage\":\"fr-CA\",\"@id\":\"https:\\\/\\\/www.nfsb.qc.ca\\\/#\\\/schema\\\/logo\\\/image\\\/\",\"url\":\"https:\\\/\\\/www.nfsb.qc.ca\\\/wp-content\\\/uploads\\\/2021\\\/01\\\/nfsb-favicon.jpg\",\"contentUrl\":\"https:\\\/\\\/www.nfsb.qc.ca\\\/wp-content\\\/uploads\\\/2021\\\/01\\\/nfsb-favicon.jpg\",\"width\":289,\"height\":208,\"caption\":\"New Frontiers School Board\"},\"image\":{\"@id\":\"https:\\\/\\\/www.nfsb.qc.ca\\\/#\\\/schema\\\/logo\\\/image\\\/\"},\"sameAs\":[\"https:\\\/\\\/www.facebook.com\\\/NFSchoolBoard\"]},{\"@type\":\"Person\",\"@id\":\"https:\\\/\\\/www.nfsb.qc.ca\\\/#\\\/schema\\\/person\\\/65b733e859221ab5acaee1547a25785a\",\"name\":\"martinc\",\"image\":{\"@type\":\"ImageObject\",\"inLanguage\":\"fr-CA\",\"@id\":\"https:\\\/\\\/secure.gravatar.com\\\/avatar\\\/c2c0012d5ade38e6add5fd0133958391ee45ef0f456e99a3ae3b7ed2a5cd7ca5?s=96&d=mm&r=g\",\"url\":\"https:\\\/\\\/secure.gravatar.com\\\/avatar\\\/c2c0012d5ade38e6add5fd0133958391ee45ef0f456e99a3ae3b7ed2a5cd7ca5?s=96&d=mm&r=g\",\"contentUrl\":\"https:\\\/\\\/secure.gravatar.com\\\/avatar\\\/c2c0012d5ade38e6add5fd0133958391ee45ef0f456e99a3ae3b7ed2a5cd7ca5?s=96&d=mm&r=g\",\"caption\":\"martinc\"},\"sameAs\":[\"http:\\\/\\\/dev.nfsb.qc.ca\"],\"url\":\"https:\\\/\\\/www.nfsb.qc.ca\\\/fr\\\/author\\\/martinc\\\/\"}]}<\/script>\n<!-- \/ Yoast SEO plugin. -->","yoast_head_json":{"title":"Programme Sp\u00e9cialis\u00e9 Trouble Du Spectrum De L'Autisme - New Frontiers School Board","robots":{"index":"index","follow":"follow","max-snippet":"max-snippet:-1","max-image-preview":"max-image-preview:large","max-video-preview":"max-video-preview:-1"},"canonical":"https:\/\/www.nfsb.qc.ca\/fr\/programme-specialise-trouble-du-spectrum-de-lautisme\/","og_locale":"fr_CA","og_type":"article","og_title":"Programme Sp\u00e9cialis\u00e9 Trouble Du Spectrum De L\u2019Autisme - New Frontiers School Board","og_description":"Offers socialization workshops, specialized programs for intellectual disabilities, autism spectrum disorders, school and community integration, workplace integration, behavioural disorders\/severe behaviour disorders, as well as graduated supportive housing programs. Telephone: 450-698-0600 [&hellip;]","og_url":"https:\/\/www.nfsb.qc.ca\/fr\/programme-specialise-trouble-du-spectrum-de-lautisme\/","og_site_name":"New Frontiers School Board","article_publisher":"https:\/\/www.facebook.com\/NFSchoolBoard","article_published_time":"2025-01-16T15:12:47+00:00","article_modified_time":"2025-01-16T16:04:03+00:00","author":"martinc","twitter_card":"summary_large_image","twitter_misc":{"\u00c9crit par":"martinc"},"schema":{"@context":"https:\/\/schema.org","@graph":[{"@type":"Article","@id":"https:\/\/www.nfsb.qc.ca\/programme-specialise-trouble-du-spectrum-de-lautisme\/#article","isPartOf":{"@id":"https:\/\/www.nfsb.qc.ca\/programme-specialise-trouble-du-spectrum-de-lautisme\/"},"author":{"name":"martinc","@id":"https:\/\/www.nfsb.qc.ca\/#\/schema\/person\/65b733e859221ab5acaee1547a25785a"},"headline":"Programme Sp\u00e9cialis\u00e9 Trouble Du Spectrum De L\u2019Autisme","datePublished":"2025-01-16T15:12:47+00:00","dateModified":"2025-01-16T16:04:03+00:00","mainEntityOfPage":{"@id":"https:\/\/www.nfsb.qc.ca\/programme-specialise-trouble-du-spectrum-de-lautisme\/"},"wordCount":63,"publisher":{"@id":"https:\/\/www.nfsb.qc.ca\/#organization"},"articleSection":["Age 0-5","Age 18+","Age 6-17","Autism","Chateauguay Area","Intellectual disabilities"],"inLanguage":"fr-CA"},{"@type":"WebPage","@id":"https:\/\/www.nfsb.qc.ca\/programme-specialise-trouble-du-spectrum-de-lautisme\/","url":"https:\/\/www.nfsb.qc.ca\/programme-specialise-trouble-du-spectrum-de-lautisme\/","name":"Programme Sp\u00e9cialis\u00e9 Trouble Du Spectrum De L'Autisme - New Frontiers School Board","isPartOf":{"@id":"https:\/\/www.nfsb.qc.ca\/#website"},"datePublished":"2025-01-16T15:12:47+00:00","dateModified":"2025-01-16T16:04:03+00:00","breadcrumb":{"@id":"https:\/\/www.nfsb.qc.ca\/programme-specialise-trouble-du-spectrum-de-lautisme\/#breadcrumb"},"inLanguage":"fr-CA","potentialAction":[{"@type":"ReadAction","target":["https:\/\/www.nfsb.qc.ca\/programme-specialise-trouble-du-spectrum-de-lautisme\/"]}]},{"@type":"BreadcrumbList","@id":"https:\/\/www.nfsb.qc.ca\/programme-specialise-trouble-du-spectrum-de-lautisme\/#breadcrumb","itemListElement":[{"@type":"ListItem","position":1,"name":"Home","item":"https:\/\/www.nfsb.qc.ca\/"},{"@type":"ListItem","position":2,"name":"Programme Sp\u00e9cialis\u00e9 Trouble Du Spectrum De L\u2019Autisme"}]},{"@type":"WebSite","@id":"https:\/\/www.nfsb.qc.ca\/#website","url":"https:\/\/www.nfsb.qc.ca\/","name":"Commission scolaire New Frontiers","description":"L'\u00e9ducation, un parcours \u00e0 vie","publisher":{"@id":"https:\/\/www.nfsb.qc.ca\/#organization"},"potentialAction":[{"@type":"SearchAction","target":{"@type":"EntryPoint","urlTemplate":"https:\/\/www.nfsb.qc.ca\/?s={search_term_string}"},"query-input":{"@type":"PropertyValueSpecification","valueRequired":true,"valueName":"search_term_string"}}],"inLanguage":"fr-CA"},{"@type":"Organization","@id":"https:\/\/www.nfsb.qc.ca\/#organization","name":"Commission scolaire New Frontiers","url":"https:\/\/www.nfsb.qc.ca\/","logo":{"@type":"ImageObject","inLanguage":"fr-CA","@id":"https:\/\/www.nfsb.qc.ca\/#\/schema\/logo\/image\/","url":"https:\/\/www.nfsb.qc.ca\/wp-content\/uploads\/2021\/01\/nfsb-favicon.jpg","contentUrl":"https:\/\/www.nfsb.qc.ca\/wp-content\/uploads\/2021\/01\/nfsb-favicon.jpg","width":289,"height":208,"caption":"New Frontiers School Board"},"image":{"@id":"https:\/\/www.nfsb.qc.ca\/#\/schema\/logo\/image\/"},"sameAs":["https:\/\/www.facebook.com\/NFSchoolBoard"]},{"@type":"Person","@id":"https:\/\/www.nfsb.qc.ca\/#\/schema\/person\/65b733e859221ab5acaee1547a25785a","name":"martinc","image":{"@type":"ImageObject","inLanguage":"fr-CA","@id":"https:\/\/secure.gravatar.com\/avatar\/c2c0012d5ade38e6add5fd0133958391ee45ef0f456e99a3ae3b7ed2a5cd7ca5?s=96&d=mm&r=g","url":"https:\/\/secure.gravatar.com\/avatar\/c2c0012d5ade38e6add5fd0133958391ee45ef0f456e99a3ae3b7ed2a5cd7ca5?s=96&d=mm&r=g","contentUrl":"https:\/\/secure.gravatar.com\/avatar\/c2c0012d5ade38e6add5fd0133958391ee45ef0f456e99a3ae3b7ed2a5cd7ca5?s=96&d=mm&r=g","caption":"martinc"},"sameAs":["http:\/\/dev.nfsb.qc.ca"],"url":"https:\/\/www.nfsb.qc.ca\/fr\/author\/martinc\/"}]}},"_links":{"self":[{"href":"https:\/\/www.nfsb.qc.ca\/fr\/wp-json\/wp\/v2\/posts\/14181","targetHints":{"allow":["GET"]}}],"collection":[{"href":"https:\/\/www.nfsb.qc.ca\/fr\/wp-json\/wp\/v2\/posts"}],"about":[{"href":"https:\/\/www.nfsb.qc.ca\/fr\/wp-json\/wp\/v2\/types\/post"}],"author":[{"embeddable":true,"href":"https:\/\/www.nfsb.qc.ca\/fr\/wp-json\/wp\/v2\/users\/1"}],"replies":[{"embeddable":true,"href":"https:\/\/www.nfsb.qc.ca\/fr\/wp-json\/wp\/v2\/comments?post=14181"}],"version-history":[{"count":1,"href":"https:\/\/www.nfsb.qc.ca\/fr\/wp-json\/wp\/v2\/posts\/14181\/revisions"}],"predecessor-version":[{"id":14184,"href":"https:\/\/www.nfsb.qc.ca\/fr\/wp-json\/wp\/v2\/posts\/14181\/revisions\/14184"}],"wp:attachment":[{"href":"https:\/\/www.nfsb.qc.ca\/fr\/wp-json\/wp\/v2\/media?parent=14181"}],"wp:term":[{"taxonomy":"category","embeddable":true,"href":"https:\/\/www.nfsb.qc.ca\/fr\/wp-json\/wp\/v2\/categories?post=14181"},{"taxonomy":"post_tag","embeddable":true,"href":"https:\/\/www.nfsb.qc.ca\/fr\/wp-json\/wp\/v2\/tags?post=14181"}],"curies":[{"name":"wp","href":"https:\/\/api.w.org\/{rel}","templated":true}]}}